{"content":"\n            \u003Cdiv class=\u0022col-12 col-sm-6 col-lg-3 ae-stream-item\u0022\u003E\n            \n                \n\u003Cdiv class=\u0022ae-card-wrapper\u0022 data-year=\u00222024\u0022 data-category=\u0022Effetti Speciali\u0022\u003E\n                                                                                                                                                                                                                                                                                                                                                                                                                                                                                                                                                                                                                                                                                                                                        \n    \u003Cdiv class=\u0022ae-image-container\u0022\u003E\n                    \u003Cdiv class=\u0022img-item-blog\u0022\u003E\n                \u003Ca href=\u0022\/it\/news\/audio-effetti-riconferma-la-sua-partecipazione-all-international-fireworks-fair-di-paestum-n121411\u0022\u003E\n                    \u003Cpicture \u003E\n\t\u003Csource srcset=\u0022\/news\/159950\/image-thumb__159950__blog-list-image\/AE-202402_Fireworks%20Paestum.13d6bb96.jpg 1x, \/news\/159950\/image-thumb__159950__blog-list-image\/AE-202402_Fireworks%20Paestum@2x.13d6bb96.jpg 2x\u0022 width=\u0022360\u0022 height=\u0022250\u0022 type=\u0022image\/jpeg\u0022 \/\u003E\n\t\u003Cimg title=\u0022Audio Effetti riconferma la sua partecipazione all\u2019International Fireworks Fair di Paestum\u0022 alt=\u0022AE-202402_Fireworks Paestum.jpg\u0022 copyright=\u0022Audio Effetti Srl\u0022 src=\u0022\/news\/159950\/image-thumb__159950__blog-list-image\/AE-202402_Fireworks%20Paestum.13d6bb96.jpg\u0022 width=\u0022360\u0022 height=\u0022250\u0022 loading=\u0022lazy\u0022 srcset=\u0022\/news\/159950\/image-thumb__159950__blog-list-image\/AE-202402_Fireworks%20Paestum.13d6bb96.jpg 1x, \/news\/159950\/image-thumb__159950__blog-list-image\/AE-202402_Fireworks%20Paestum@2x.13d6bb96.jpg 2x\u0022 \/\u003E\n\u003C\/picture\u003E\n\n                \u003C\/a\u003E\n            \u003C\/div\u003E\n               \n    \u003C\/div\u003E\n    \n    \u003Cdiv class=\u0022ae-card-content\u0022\u003E\n  \u003Cdiv class=\u0022ae-meta d-flex justify-content-between align-items-center\u0022\u003E\n        \u003Cdiv class=\u0022ae-date\u0022\u003E\n              8 - 10 marzo 2024\n          \u003C\/div\u003E\n\n                  \n      \n            \u003Cdiv class=\u0022ae-category-label color-1\u0022 data-cat=\u0022effetti speciali\u0022\u003E\n        \u003Cspan\u003EEffetti Speciali\u003C\/span\u003E\n      \u003C\/div\u003E\n      \u003C\/div\u003E\n\n  \u003Cdiv class=\u0022ae-title\u0022\u003E\n    \u003Ch3\u003E\u003Ca href=\u0022\/it\/news\/audio-effetti-riconferma-la-sua-partecipazione-all-international-fireworks-fair-di-paestum-n121411\u0022\u003EAudio Effetti riconferma la sua partecipazione all\u2019International Fireworks Fair di Paestum\u003C\/a\u003E\u003C\/h3\u003E\n  \u003C\/div\u003E\n  \u003Cdiv class=\u0022ae-excerpt\u0022\u003E\n    \u003Cp\u003EAudio Effetti, punto di riferimento nel settore delle tecnologie per lo spettacolo e l\u2019intratteni...\u003C\/p\u003E\n  \u003C\/div\u003E\n\u003C\/div\u003E\n\n\u003C\/div\u003E\n        \u003C\/div\u003E\n    \n            \u003Cdiv class=\u0022col-12 col-sm-6 col-lg-3 ae-stream-item\u0022\u003E\n            \n                \n\u003Cdiv class=\u0022ae-card-wrapper\u0022 data-year=\u00222023\u0022 data-category=\u0022Effetti Speciali\u0022\u003E\n                                                                                                                                                                                                                                                                                                                                                                \n    \u003Cdiv class=\u0022ae-image-container\u0022\u003E\n                    \u003Cdiv class=\u0022img-item-blog\u0022\u003E\n                \u003Ca href=\u0022\/it\/news\/audio-effetti-presente-all-international-fireworks-fair-di-paestum-n96296\u0022\u003E\n                    \u003Cpicture \u003E\n\t\u003Csource srcset=\u0022\/news\/152588\/image-thumb__152588__blog-list-image\/AE-202303_Fireworks%20Paestum_925px.b8b50792.jpg 1x, \/news\/152588\/image-thumb__152588__blog-list-image\/AE-202303_Fireworks%20Paestum_925px@2x.b8b50792.jpg 2x\u0022 width=\u0022360\u0022 height=\u0022250\u0022 type=\u0022image\/jpeg\u0022 \/\u003E\n\t\u003Cimg title=\u0022Audio Effetti presente all\u2019International Fireworks Fair di Paestum\u0022 alt=\u0022AE-202303_Fireworks Paestum_925px.jpg\u0022 copyright=\u0022Audio Effetti Srl\u0022 src=\u0022\/news\/152588\/image-thumb__152588__blog-list-image\/AE-202303_Fireworks%20Paestum_925px.b8b50792.jpg\u0022 width=\u0022360\u0022 height=\u0022250\u0022 loading=\u0022lazy\u0022 srcset=\u0022\/news\/152588\/image-thumb__152588__blog-list-image\/AE-202303_Fireworks%20Paestum_925px.b8b50792.jpg 1x, \/news\/152588\/image-thumb__152588__blog-list-image\/AE-202303_Fireworks%20Paestum_925px@2x.b8b50792.jpg 2x\u0022 \/\u003E\n\u003C\/picture\u003E\n\n                \u003C\/a\u003E\n            \u003C\/div\u003E\n               \n    \u003C\/div\u003E\n    \n    \u003Cdiv class=\u0022ae-card-content\u0022\u003E\n  \u003Cdiv class=\u0022ae-meta d-flex justify-content-between align-items-center\u0022\u003E\n        \u003Cdiv class=\u0022ae-date\u0022\u003E\n              10 - 12 marzo 2023\n          \u003C\/div\u003E\n\n                  \n      \n            \u003Cdiv class=\u0022ae-category-label color-1\u0022 data-cat=\u0022effetti speciali\u0022\u003E\n        \u003Cspan\u003EEffetti Speciali\u003C\/span\u003E\n      \u003C\/div\u003E\n      \u003C\/div\u003E\n\n  \u003Cdiv class=\u0022ae-title\u0022\u003E\n    \u003Ch3\u003E\u003Ca href=\u0022\/it\/news\/audio-effetti-presente-all-international-fireworks-fair-di-paestum-n96296\u0022\u003EAudio Effetti presente all\u2019International Fireworks Fair di Paestum\u003C\/a\u003E\u003C\/h3\u003E\n  \u003C\/div\u003E\n  \u003Cdiv class=\u0022ae-excerpt\u0022\u003E\n    \u003Cp\u003EI prossimi\u00a010-12 marzo 2023 Audio Effetti\u00a0sar\u00e0 presente, con un proprio stand, alla XIV edizione...\u003C\/p\u003E\n  \u003C\/div\u003E\n\u003C\/div\u003E\n\n\u003C\/div\u003E\n        \u003C\/div\u003E\n    \n            \u003Cdiv class=\u0022col-12 col-sm-6 col-lg-3 ae-stream-item\u0022\u003E\n            \n                \n\u003Cdiv class=\u0022ae-card-wrapper\u0022 data-year=\u00222021\u0022 data-category=\u0022Effetti Speciali\u0022\u003E\n                                                                        \n    \u003Cdiv class=\u0022ae-image-container\u0022\u003E\n                    \u003Cdiv class=\u0022img-item-blog\u0022\u003E\n                \u003Ca href=\u0022\/it\/news\/il-potente-generatore-di-nebbia-n207396\u0022\u003E\n                    \u003Cpicture \u003E\n\t\u003Csource srcset=\u0022\/news\/153036\/image-thumb__153036__blog-list-image\/MVS-Hazer%20-%20AE_925px.5f3aa9f6.jpg 1x, \/news\/153036\/image-thumb__153036__blog-list-image\/MVS-Hazer%20-%20AE_925px@2x.5f3aa9f6.jpg 2x\u0022 width=\u0022360\u0022 height=\u0022250\u0022 type=\u0022image\/jpeg\u0022 \/\u003E\n\t\u003Cimg title=\u0022Il potente generatore di nebbia\u0022 alt=\u0022MVS-Hazer - AE_925px.jpg\u0022 copyright=\u0022Audio Effetti Srl\u0022 src=\u0022\/news\/153036\/image-thumb__153036__blog-list-image\/MVS-Hazer%20-%20AE_925px.5f3aa9f6.jpg\u0022 width=\u0022360\u0022 height=\u0022250\u0022 loading=\u0022lazy\u0022 srcset=\u0022\/news\/153036\/image-thumb__153036__blog-list-image\/MVS-Hazer%20-%20AE_925px.5f3aa9f6.jpg 1x, \/news\/153036\/image-thumb__153036__blog-list-image\/MVS-Hazer%20-%20AE_925px@2x.5f3aa9f6.jpg 2x\u0022 \/\u003E\n\u003C\/picture\u003E\n\n                \u003C\/a\u003E\n            \u003C\/div\u003E\n               \n    \u003C\/div\u003E\n    \n    \u003Cdiv class=\u0022ae-card-content\u0022\u003E\n  \u003Cdiv class=\u0022ae-meta d-flex justify-content-between align-items-center\u0022\u003E\n        \u003Cdiv class=\u0022ae-date\u0022\u003E\n              \u0026nbsp;\n          \u003C\/div\u003E\n\n                  \n      \n            \u003Cdiv class=\u0022ae-category-label color-1\u0022 data-cat=\u0022effetti speciali\u0022\u003E\n        \u003Cspan\u003EEffetti Speciali\u003C\/span\u003E\n      \u003C\/div\u003E\n      \u003C\/div\u003E\n\n  \u003Cdiv class=\u0022ae-title\u0022\u003E\n    \u003Ch3\u003E\u003Ca href=\u0022\/it\/news\/il-potente-generatore-di-nebbia-n207396\u0022\u003EIl potente generatore di nebbia\u003C\/a\u003E\u003C\/h3\u003E\n  \u003C\/div\u003E\n  \u003Cdiv class=\u0022ae-excerpt\u0022\u003E\n    \u003Cp\u003EL\u2019Educational di Audio Effetti ti propone oggi il video su MVS Hazer di Le Maitre.\u003C\/p\u003E\n  \u003C\/div\u003E\n\u003C\/div\u003E\n\n\u003C\/div\u003E\n        \u003C\/div\u003E\n    \n            \u003Cdiv class=\u0022col-12 col-sm-6 col-lg-3 ae-stream-item\u0022\u003E\n            \n                \n\u003Cdiv class=\u0022ae-card-wrapper\u0022 data-year=\u00222019\u0022 data-category=\u0022Effetti Speciali\u0022\u003E\n                                                                        \n    \u003Cdiv class=\u0022ae-image-container\u0022\u003E\n                    \u003Cdiv class=\u0022img-item-blog\u0022\u003E\n                \u003Ca href=\u0022\/it\/news\/wireless-salamander-quad-pro-from-le-maitre-n90819\u0022\u003E\n                    \u003Cpicture \u003E\n\t\u003Csource srcset=\u0022\/news\/149090\/image-thumb__149090__blog-list-image\/Quad%20Pro.a0990787.jpg 1x, \/news\/149090\/image-thumb__149090__blog-list-image\/Quad%20Pro@2x.a0990787.jpg 2x\u0022 width=\u0022360\u0022 height=\u0022250\u0022 type=\u0022image\/jpeg\u0022 \/\u003E\n\t\u003Cimg title=\u0022Wireless Salamander Quad Pro from Le Maitre\u0022 alt=\u0022Quad Pro.jpeg\u0022 copyright=\u0022Audio Effetti Srl\u0022 src=\u0022\/news\/149090\/image-thumb__149090__blog-list-image\/Quad%20Pro.a0990787.jpg\u0022 width=\u0022360\u0022 height=\u0022250\u0022 loading=\u0022lazy\u0022 srcset=\u0022\/news\/149090\/image-thumb__149090__blog-list-image\/Quad%20Pro.a0990787.jpg 1x, \/news\/149090\/image-thumb__149090__blog-list-image\/Quad%20Pro@2x.a0990787.jpg 2x\u0022 \/\u003E\n\u003C\/picture\u003E\n\n                \u003C\/a\u003E\n            \u003C\/div\u003E\n               \n    \u003C\/div\u003E\n    \n    \u003Cdiv class=\u0022ae-card-content\u0022\u003E\n  \u003Cdiv class=\u0022ae-meta d-flex justify-content-between align-items-center\u0022\u003E\n        \u003Cdiv class=\u0022ae-date\u0022\u003E\n              \u0026nbsp;\n          \u003C\/div\u003E\n\n                  \n      \n            \u003Cdiv class=\u0022ae-category-label color-1\u0022 data-cat=\u0022effetti speciali\u0022\u003E\n        \u003Cspan\u003EEffetti Speciali\u003C\/span\u003E\n      \u003C\/div\u003E\n      \u003C\/div\u003E\n\n  \u003Cdiv class=\u0022ae-title\u0022\u003E\n    \u003Ch3\u003E\u003Ca href=\u0022\/it\/news\/wireless-salamander-quad-pro-from-le-maitre-n90819\u0022\u003EWireless Salamander Quad Pro from Le Maitre\u003C\/a\u003E\u003C\/h3\u003E\n  \u003C\/div\u003E\n  \u003Cdiv class=\u0022ae-excerpt\u0022\u003E\n    \u003Cp\u003ELe Maitre will be exhibiting at LDI on November 22-24 at the Las Vegas Convention Center. They wi...\u003C\/p\u003E\n  \u003C\/div\u003E\n\u003C\/div\u003E\n\n\u003C\/div\u003E\n        \u003C\/div\u003E\n    \n            \u003Cdiv class=\u0022col-12 col-sm-6 col-lg-3 ae-stream-item\u0022\u003E\n            \n                \n\u003Cdiv class=\u0022ae-card-wrapper\u0022 data-year=\u00222019\u0022 data-category=\u0022Effetti Speciali\u0022\u003E\n                                                                        \n    \u003Cdiv class=\u0022ae-image-container\u0022\u003E\n                    \u003Cdiv class=\u0022img-item-blog\u0022\u003E\n                \u003Ca href=\u0022\/it\/news\/wireless-salamander-quad-pro-di-le-maitre-n90820\u0022\u003E\n                    \u003Cpicture \u003E\n\t\u003Csource srcset=\u0022\/news\/149090\/image-thumb__149090__blog-list-image\/Quad%20Pro.a0990787.jpg 1x, \/news\/149090\/image-thumb__149090__blog-list-image\/Quad%20Pro@2x.a0990787.jpg 2x\u0022 width=\u0022360\u0022 height=\u0022250\u0022 type=\u0022image\/jpeg\u0022 \/\u003E\n\t\u003Cimg title=\u0022Wireless Salamander Quad Pro di Le Ma\u00eetre\u0022 alt=\u0022Quad Pro.jpeg\u0022 copyright=\u0022Audio Effetti Srl\u0022 src=\u0022\/news\/149090\/image-thumb__149090__blog-list-image\/Quad%20Pro.a0990787.jpg\u0022 width=\u0022360\u0022 height=\u0022250\u0022 loading=\u0022lazy\u0022 srcset=\u0022\/news\/149090\/image-thumb__149090__blog-list-image\/Quad%20Pro.a0990787.jpg 1x, \/news\/149090\/image-thumb__149090__blog-list-image\/Quad%20Pro@2x.a0990787.jpg 2x\u0022 \/\u003E\n\u003C\/picture\u003E\n\n                \u003C\/a\u003E\n            \u003C\/div\u003E\n               \n    \u003C\/div\u003E\n    \n    \u003Cdiv class=\u0022ae-card-content\u0022\u003E\n  \u003Cdiv class=\u0022ae-meta d-flex justify-content-between align-items-center\u0022\u003E\n        \u003Cdiv class=\u0022ae-date\u0022\u003E\n              \u0026nbsp;\n          \u003C\/div\u003E\n\n                  \n      \n            \u003Cdiv class=\u0022ae-category-label color-1\u0022 data-cat=\u0022effetti speciali\u0022\u003E\n        \u003Cspan\u003EEffetti Speciali\u003C\/span\u003E\n      \u003C\/div\u003E\n      \u003C\/div\u003E\n\n  \u003Cdiv class=\u0022ae-title\u0022\u003E\n    \u003Ch3\u003E\u003Ca href=\u0022\/it\/news\/wireless-salamander-quad-pro-di-le-maitre-n90820\u0022\u003EWireless Salamander Quad Pro di Le Ma\u00eetre\u003C\/a\u003E\u003C\/h3\u003E\n  \u003C\/div\u003E\n  \u003Cdiv class=\u0022ae-excerpt\u0022\u003E\n    \u003Cp\u003ELe Ma\u00eetre sar\u00e0 presente al LDI dal 22 al 24 novembre al Las Vegas Convention Center. Presenter\u00e0 u...\u003C\/p\u003E\n  \u003C\/div\u003E\n\u003C\/div\u003E\n\n\u003C\/div\u003E\n        \u003C\/div\u003E\n    \n            \u003Cdiv class=\u0022col-12 col-sm-6 col-lg-3 ae-stream-item\u0022\u003E\n            \n                \n\u003Cdiv class=\u0022ae-card-wrapper\u0022 data-year=\u00222019\u0022 data-category=\u0022Effetti Speciali\u0022\u003E\n                                                    \n    \u003Cdiv class=\u0022ae-image-container\u0022\u003E\n                    \u003Cdiv class=\u0022img-item-blog\u0022\u003E\n                \u003Ca href=\u0022\/it\/news\/le-maitre-pls-2019-n90648\u0022\u003E\n                    \u003Cpicture \u003E\n\t\u003Csource srcset=\u0022\/news\/148731\/image-thumb__148731__blog-list-image\/Le%20Maitre_PLS2019.3d320731.jpg 1x, \/news\/148731\/image-thumb__148731__blog-list-image\/Le%20Maitre_PLS2019@2x.3d320731.jpg 2x\u0022 width=\u0022360\u0022 height=\u0022250\u0022 type=\u0022image\/jpeg\u0022 \/\u003E\n\t\u003Cimg title=\u0022Le Ma\u00eetre @PLS 2019\u0022 alt=\u0022Le Maitre_PLS2019.jpg\u0022 copyright=\u0022Audio Effetti Srl\u0022 src=\u0022\/news\/148731\/image-thumb__148731__blog-list-image\/Le%20Maitre_PLS2019.3d320731.jpg\u0022 width=\u0022360\u0022 height=\u0022250\u0022 loading=\u0022lazy\u0022 srcset=\u0022\/news\/148731\/image-thumb__148731__blog-list-image\/Le%20Maitre_PLS2019.3d320731.jpg 1x, \/news\/148731\/image-thumb__148731__blog-list-image\/Le%20Maitre_PLS2019@2x.3d320731.jpg 2x\u0022 \/\u003E\n\u003C\/picture\u003E\n\n                \u003C\/a\u003E\n            \u003C\/div\u003E\n               \n    \u003C\/div\u003E\n    \n    \u003Cdiv class=\u0022ae-card-content\u0022\u003E\n  \u003Cdiv class=\u0022ae-meta d-flex justify-content-between align-items-center\u0022\u003E\n        \u003Cdiv class=\u0022ae-date\u0022\u003E\n              \u0026nbsp;\n          \u003C\/div\u003E\n\n                  \n      \n            \u003Cdiv class=\u0022ae-category-label color-1\u0022 data-cat=\u0022effetti speciali\u0022\u003E\n        \u003Cspan\u003EEffetti Speciali\u003C\/span\u003E\n      \u003C\/div\u003E\n      \u003C\/div\u003E\n\n  \u003Cdiv class=\u0022ae-title\u0022\u003E\n    \u003Ch3\u003E\u003Ca href=\u0022\/it\/news\/le-maitre-pls-2019-n90648\u0022\u003ELe Ma\u00eetre @PLS 2019\u003C\/a\u003E\u003C\/h3\u003E\n  \u003C\/div\u003E\n  \u003Cdiv class=\u0022ae-excerpt\u0022\u003E\n    \u003Cp\u003ELe Ma\u00eetre presente Wireless Salamander Quad Pro, una versione completamente wireless del noto Sal...\u003C\/p\u003E\n  \u003C\/div\u003E\n\u003C\/div\u003E\n\n\u003C\/div\u003E\n        \u003C\/div\u003E\n    ","button":"\n    \n        \n            \u003Cdiv class=\u0022col-12 text-center mt-3\u0022\u003E\n\n                \u003Ca class=\u0022btn btn-nero px-5\u0022 href=\u0022\/it\/brands\/le-maitre-b1453?ajax-news=1\u0022\u003E\n                    Mostra di pi\u00f9\n                \u003C\/a\u003E\n\n            \u003C\/div\u003E\n\n        \n    \n"}