{"content":"\n            \u003Cdiv class=\u0022col-12 col-sm-6 col-lg-3 ae-stream-item\u0022\u003E\n            \n                \n\u003Cdiv class=\u0022ae-card-wrapper\u0022 data-year=\u00222026\u0022 data-category=\u0022Illuminazione\u0022\u003E\n                                                                                                                                                                                                                                                                                                                                                                                                                                                                                                                                                                                                                                                                                                                                                                                                                                                                                                        \n    \u003Cdiv class=\u0022ae-image-container\u0022\u003E\n                    \u003Cdiv class=\u0022img-item-blog\u0022\u003E\n                \u003Ca href=\u0022\/it\/news\/dentro-a-una-testa-mobile-anatomia-dei-fari-motorizzati-per-lo-spettacolo-n213070\u0022\u003E\n                    \u003Cpicture \u003E\n\t\u003Csource srcset=\u0022\/news\/img%20news%202026\/03-2026\/180797\/image-thumb__180797__blog-list-image\/AE-202603-Dentro%20a%20una%20testa%20mobile.b2daa365.jpg 1x, \/news\/img%20news%202026\/03-2026\/180797\/image-thumb__180797__blog-list-image\/AE-202603-Dentro%20a%20una%20testa%20mobile@2x.b2daa365.jpg 2x\u0022 width=\u0022360\u0022 height=\u0022250\u0022 type=\u0022image\/jpeg\u0022 \/\u003E\n\t\u003Cimg title=\u0022Dentro a una testa mobile: anatomia dei fari motorizzati per lo spettacolo\u0022 alt=\u0022AE-202603-Dentro a una testa mobile.jpg\u0022 copyright=\u0022Audio Effetti Srl\u0022 src=\u0022\/news\/img%20news%202026\/03-2026\/180797\/image-thumb__180797__blog-list-image\/AE-202603-Dentro%20a%20una%20testa%20mobile.b2daa365.jpg\u0022 width=\u0022360\u0022 height=\u0022250\u0022 loading=\u0022lazy\u0022 srcset=\u0022\/news\/img%20news%202026\/03-2026\/180797\/image-thumb__180797__blog-list-image\/AE-202603-Dentro%20a%20una%20testa%20mobile.b2daa365.jpg 1x, \/news\/img%20news%202026\/03-2026\/180797\/image-thumb__180797__blog-list-image\/AE-202603-Dentro%20a%20una%20testa%20mobile@2x.b2daa365.jpg 2x\u0022 \/\u003E\n\u003C\/picture\u003E\n\n                \u003C\/a\u003E\n            \u003C\/div\u003E\n               \n    \u003C\/div\u003E\n    \n    \u003Cdiv class=\u0022ae-card-content\u0022\u003E\n  \u003Cdiv class=\u0022ae-meta d-flex justify-content-between align-items-center\u0022\u003E\n        \u003Cdiv class=\u0022ae-date\u0022\u003E\n              \u0026nbsp;\n          \u003C\/div\u003E\n\n                  \n      \n            \u003Cdiv class=\u0022ae-category-label color-4\u0022 data-cat=\u0022illuminazione\u0022\u003E\n        \u003Cspan\u003EIlluminazione\u003C\/span\u003E\n      \u003C\/div\u003E\n      \u003C\/div\u003E\n\n  \u003Cdiv class=\u0022ae-title\u0022\u003E\n    \u003Ch3\u003E\u003Ca href=\u0022\/it\/news\/dentro-a-una-testa-mobile-anatomia-dei-fari-motorizzati-per-lo-spettacolo-n213070\u0022\u003EDentro a una testa mobile: anatomia dei fari motorizzati per lo spettacolo\u003C\/a\u003E\u003C\/h3\u003E\n  \u003C\/div\u003E\n  \u003Cdiv class=\u0022ae-excerpt\u0022\u003E\n    \u003Cp\u003EI fari a testa mobile motorizzata integrano alcune delle tecnologie pi\u00f9 avanzate del lighting pro...\u003C\/p\u003E\n  \u003C\/div\u003E\n\u003C\/div\u003E\n\n\u003C\/div\u003E\n        \u003C\/div\u003E\n    \n            \u003Cdiv class=\u0022col-12 col-sm-6 col-lg-3 ae-stream-item\u0022\u003E\n            \n                            \n\u003Cdiv class=\u0022ae-card-wrapper\u0022 data-year=\u00222025\u0022 data-category=\u0022Audio|Illuminazione\u0022\u003E\n                                                                                                                \n    \u003Cdiv class=\u0022ae-image-container\u0022\u003E\n                    \u003Cdiv class=\u0022img-item-blog\u0022\u003E\n                \u003Ca href=\u0022\/it\/news\/audio-effetti-open-day-roma-le-novita-dedicate-ai-negozi-musicali-n192800\u0022\u003E\n                    \u003Cpicture \u003E\n\t\u003Csource srcset=\u0022\/news\/img%20news%202025\/10-2025\/177315\/image-thumb__177315__blog-list-image\/AE-202510-Open%20Day%20Roma-Negozi.0e22cc5d.jpg 1x, \/news\/img%20news%202025\/10-2025\/177315\/image-thumb__177315__blog-list-image\/AE-202510-Open%20Day%20Roma-Negozi@2x.0e22cc5d.jpg 2x\u0022 width=\u0022360\u0022 height=\u0022250\u0022 type=\u0022image\/jpeg\u0022 \/\u003E\n\t\u003Cimg title=\u0022Audio Effetti Open Day Roma: le novit\u00e0 dedicate ai negozi musicali\u0022 alt=\u0022AE-202510-Open Day Roma-Negozi.jpg\u0022 copyright=\u0022Audio Effetti Srl\u0022 src=\u0022\/news\/img%20news%202025\/10-2025\/177315\/image-thumb__177315__blog-list-image\/AE-202510-Open%20Day%20Roma-Negozi.0e22cc5d.jpg\u0022 width=\u0022360\u0022 height=\u0022250\u0022 loading=\u0022lazy\u0022 srcset=\u0022\/news\/img%20news%202025\/10-2025\/177315\/image-thumb__177315__blog-list-image\/AE-202510-Open%20Day%20Roma-Negozi.0e22cc5d.jpg 1x, \/news\/img%20news%202025\/10-2025\/177315\/image-thumb__177315__blog-list-image\/AE-202510-Open%20Day%20Roma-Negozi@2x.0e22cc5d.jpg 2x\u0022 \/\u003E\n\u003C\/picture\u003E\n\n                \u003C\/a\u003E\n            \u003C\/div\u003E\n               \n    \u003C\/div\u003E\n    \n    \u003Cdiv class=\u0022ae-card-content\u0022\u003E\n  \u003Cdiv class=\u0022ae-meta d-flex justify-content-between align-items-center\u0022\u003E\n        \u003Cdiv class=\u0022ae-date\u0022\u003E\n              10 - 11 novembre 2025\n          \u003C\/div\u003E\n\n              \u003C\/div\u003E\n\n  \u003Cdiv class=\u0022ae-title\u0022\u003E\n    \u003Ch3\u003E\u003Ca href=\u0022\/it\/news\/audio-effetti-open-day-roma-le-novita-dedicate-ai-negozi-musicali-n192800\u0022\u003EAudio Effetti Open Day Roma: le novit\u00e0 dedicate ai negozi musicali\u003C\/a\u003E\u003C\/h3\u003E\n  \u003C\/div\u003E\n  \u003Cdiv class=\u0022ae-excerpt\u0022\u003E\n    \u003Cp\u003EAudio Effetti organizza due giornate dimostrative dedicate ai negozi di strumenti musicali, riven...\u003C\/p\u003E\n  \u003C\/div\u003E\n\u003C\/div\u003E\n\n\u003C\/div\u003E\n        \u003C\/div\u003E\n    \n            \u003Cdiv class=\u0022col-12 col-sm-6 col-lg-3 ae-stream-item\u0022\u003E\n            \n                \n\u003Cdiv class=\u0022ae-card-wrapper\u0022 data-year=\u00222025\u0022 data-category=\u0022Illuminazione\u0022\u003E\n                                                                                                                                                                                                                    \n    \u003Cdiv class=\u0022ae-image-container\u0022\u003E\n                    \u003Cdiv class=\u0022img-item-blog\u0022\u003E\n                \u003Ca href=\u0022\/it\/news\/a-roma-una-nuova-area-demo-firmata-your-music-e-audio-effetti-n177174\u0022\u003E\n                    \u003Cpicture \u003E\n\t\u003Csource srcset=\u0022\/news\/172470\/image-thumb__172470__blog-list-image\/AE-202505-Case%20Study%20Your%20Music.32f08189.jpg 1x, \/news\/172470\/image-thumb__172470__blog-list-image\/AE-202505-Case%20Study%20Your%20Music@2x.32f08189.jpg 2x\u0022 width=\u0022360\u0022 height=\u0022250\u0022 type=\u0022image\/jpeg\u0022 \/\u003E\n\t\u003Cimg title=\u0022A Roma una nuova area demo firmata Your Music e Audio Effetti\u0022 alt=\u0022AE-202505-Case Study Your Music.jpg\u0022 copyright=\u0022Audio Effetti Srl\u0022 src=\u0022\/news\/172470\/image-thumb__172470__blog-list-image\/AE-202505-Case%20Study%20Your%20Music.32f08189.jpg\u0022 width=\u0022360\u0022 height=\u0022250\u0022 loading=\u0022lazy\u0022 srcset=\u0022\/news\/172470\/image-thumb__172470__blog-list-image\/AE-202505-Case%20Study%20Your%20Music.32f08189.jpg 1x, \/news\/172470\/image-thumb__172470__blog-list-image\/AE-202505-Case%20Study%20Your%20Music@2x.32f08189.jpg 2x\u0022 \/\u003E\n\u003C\/picture\u003E\n\n                \u003C\/a\u003E\n            \u003C\/div\u003E\n               \n    \u003C\/div\u003E\n    \n    \u003Cdiv class=\u0022ae-card-content\u0022\u003E\n  \u003Cdiv class=\u0022ae-meta d-flex justify-content-between align-items-center\u0022\u003E\n        \u003Cdiv class=\u0022ae-date\u0022\u003E\n              \u0026nbsp;\n          \u003C\/div\u003E\n\n                  \n      \n            \u003Cdiv class=\u0022ae-category-label color-4\u0022 data-cat=\u0022illuminazione\u0022\u003E\n        \u003Cspan\u003EIlluminazione\u003C\/span\u003E\n      \u003C\/div\u003E\n      \u003C\/div\u003E\n\n  \u003Cdiv class=\u0022ae-title\u0022\u003E\n    \u003Ch3\u003E\u003Ca href=\u0022\/it\/news\/a-roma-una-nuova-area-demo-firmata-your-music-e-audio-effetti-n177174\u0022\u003EA Roma una nuova area demo firmata Your Music e Audio Effetti\u003C\/a\u003E\u003C\/h3\u003E\n  \u003C\/div\u003E\n  \u003Cdiv class=\u0022ae-excerpt\u0022\u003E\n    \u003Cp\u003EYour Music \u00e8 un negozio di Roma che ha iniziato la sua attivit\u00e0 a met\u00e0 degli anni \u0026#039;80 venden...\u003C\/p\u003E\n  \u003C\/div\u003E\n\u003C\/div\u003E\n\n\u003C\/div\u003E\n        \u003C\/div\u003E\n    \n            \u003Cdiv class=\u0022col-12 col-sm-6 col-lg-3 ae-stream-item\u0022\u003E\n            \n                \n\u003Cdiv class=\u0022ae-card-wrapper\u0022 data-year=\u00222025\u0022 data-category=\u0022Illuminazione\u0022\u003E\n                                                                                                                                    \n    \u003Cdiv class=\u0022ae-image-container\u0022\u003E\n                    \u003Cdiv class=\u0022img-item-blog\u0022\u003E\n                \u003Ca href=\u0022\/it\/news\/come-scegliere-i-fari-per-lo-spettacolo-piu-adatti-alle-proprie-esigenze-n172255\u0022\u003E\n                    \u003Cpicture \u003E\n\t\u003Csource srcset=\u0022\/news\/img%20news%202025\/04-2025\/171697\/image-thumb__171697__blog-list-image\/AE-202505-Fari%20per%20lo%20spettacolo-A.53881ab0.jpg 1x, \/news\/img%20news%202025\/04-2025\/171697\/image-thumb__171697__blog-list-image\/AE-202505-Fari%20per%20lo%20spettacolo-A@2x.53881ab0.jpg 2x\u0022 width=\u0022360\u0022 height=\u0022250\u0022 type=\u0022image\/jpeg\u0022 \/\u003E\n\t\u003Cimg title=\u0022Come scegliere i fari per lo spettacolo pi\u00f9 adatti alle proprie esigenze?\u0022 alt=\u0022AE-202505-Fari per lo spettacolo-A.jpg\u0022 copyright=\u0022Audio Effetti Srl\u0022 src=\u0022\/news\/img%20news%202025\/04-2025\/171697\/image-thumb__171697__blog-list-image\/AE-202505-Fari%20per%20lo%20spettacolo-A.53881ab0.jpg\u0022 width=\u0022360\u0022 height=\u0022250\u0022 loading=\u0022lazy\u0022 srcset=\u0022\/news\/img%20news%202025\/04-2025\/171697\/image-thumb__171697__blog-list-image\/AE-202505-Fari%20per%20lo%20spettacolo-A.53881ab0.jpg 1x, \/news\/img%20news%202025\/04-2025\/171697\/image-thumb__171697__blog-list-image\/AE-202505-Fari%20per%20lo%20spettacolo-A@2x.53881ab0.jpg 2x\u0022 \/\u003E\n\u003C\/picture\u003E\n\n                \u003C\/a\u003E\n            \u003C\/div\u003E\n               \n    \u003C\/div\u003E\n    \n    \u003Cdiv class=\u0022ae-card-content\u0022\u003E\n  \u003Cdiv class=\u0022ae-meta d-flex justify-content-between align-items-center\u0022\u003E\n        \u003Cdiv class=\u0022ae-date\u0022\u003E\n              \u0026nbsp;\n          \u003C\/div\u003E\n\n                  \n      \n            \u003Cdiv class=\u0022ae-category-label color-4\u0022 data-cat=\u0022illuminazione\u0022\u003E\n        \u003Cspan\u003EIlluminazione\u003C\/span\u003E\n      \u003C\/div\u003E\n      \u003C\/div\u003E\n\n  \u003Cdiv class=\u0022ae-title\u0022\u003E\n    \u003Ch3\u003E\u003Ca href=\u0022\/it\/news\/come-scegliere-i-fari-per-lo-spettacolo-piu-adatti-alle-proprie-esigenze-n172255\u0022\u003ECome scegliere i fari per lo spettacolo pi\u00f9 adatti alle proprie esigenze?\u003C\/a\u003E\u003C\/h3\u003E\n  \u003C\/div\u003E\n  \u003Cdiv class=\u0022ae-excerpt\u0022\u003E\n    \u003Cp\u003EI fari per lo spettacolo creano l\u0026#039;atmosfera voluta dal light designer mettendo in risalto le...\u003C\/p\u003E\n  \u003C\/div\u003E\n\u003C\/div\u003E\n\n\u003C\/div\u003E\n        \u003C\/div\u003E\n    \n            \u003Cdiv class=\u0022col-12 col-sm-6 col-lg-3 ae-stream-item\u0022\u003E\n            \n                \n\u003Cdiv class=\u0022ae-card-wrapper\u0022 data-year=\u00222024\u0022 data-category=\u0022Illuminazione\u0022\u003E\n                                                                                                                                                                                                                                                                                                                                                                                                                                                                                                                                                                                            \n    \u003Cdiv class=\u0022ae-image-container\u0022\u003E\n                    \u003Cdiv class=\u0022img-item-blog\u0022\u003E\n                \u003Ca href=\u0022\/it\/news\/trikon-sceglie-le-luci-audio-effetti-per-il-suo-showroom-di-bolzano-n142430\u0022\u003E\n                    \u003Cpicture \u003E\n\t\u003Csource srcset=\u0022\/news\/165026\/image-thumb__165026__blog-list-image\/AE-202410_Case%20study%20Trikon.8091380e.jpg 1x, \/news\/165026\/image-thumb__165026__blog-list-image\/AE-202410_Case%20study%20Trikon@2x.8091380e.jpg 2x\u0022 width=\u0022360\u0022 height=\u0022250\u0022 type=\u0022image\/jpeg\u0022 \/\u003E\n\t\u003Cimg title=\u0022TRIKON sceglie le luci Audio Effetti per il suo showroom di Bolzano\u0022 alt=\u0022AE-202410_Case study Trikon.jpg\u0022 copyright=\u0022Audio Effetti Srl\u0022 src=\u0022\/news\/165026\/image-thumb__165026__blog-list-image\/AE-202410_Case%20study%20Trikon.8091380e.jpg\u0022 width=\u0022360\u0022 height=\u0022250\u0022 loading=\u0022lazy\u0022 srcset=\u0022\/news\/165026\/image-thumb__165026__blog-list-image\/AE-202410_Case%20study%20Trikon.8091380e.jpg 1x, \/news\/165026\/image-thumb__165026__blog-list-image\/AE-202410_Case%20study%20Trikon@2x.8091380e.jpg 2x\u0022 \/\u003E\n\u003C\/picture\u003E\n\n                \u003C\/a\u003E\n            \u003C\/div\u003E\n               \n    \u003C\/div\u003E\n    \n    \u003Cdiv class=\u0022ae-card-content\u0022\u003E\n  \u003Cdiv class=\u0022ae-meta d-flex justify-content-between align-items-center\u0022\u003E\n        \u003Cdiv class=\u0022ae-date\u0022\u003E\n              \u0026nbsp;\n          \u003C\/div\u003E\n\n                  \n      \n            \u003Cdiv class=\u0022ae-category-label color-4\u0022 data-cat=\u0022illuminazione\u0022\u003E\n        \u003Cspan\u003EIlluminazione\u003C\/span\u003E\n      \u003C\/div\u003E\n      \u003C\/div\u003E\n\n  \u003Cdiv class=\u0022ae-title\u0022\u003E\n    \u003Ch3\u003E\u003Ca href=\u0022\/it\/news\/trikon-sceglie-le-luci-audio-effetti-per-il-suo-showroom-di-bolzano-n142430\u0022\u003ETRIKON sceglie le luci Audio Effetti per il suo showroom di Bolzano\u003C\/a\u003E\u003C\/h3\u003E\n  \u003C\/div\u003E\n  \u003Cdiv class=\u0022ae-excerpt\u0022\u003E\n    \u003Cp\u003EPer il suo negozio di Bolzano, TRIKON ProAudio | Visual | Lighting ha scelto di utilizzare esclus...\u003C\/p\u003E\n  \u003C\/div\u003E\n\u003C\/div\u003E\n\n\u003C\/div\u003E\n        \u003C\/div\u003E\n    ","button":"\n    \n"}